{"id":1468,"date":"2020-05-05T08:38:40","date_gmt":"2020-05-05T11:38:40","guid":{"rendered":"http:\/\/stagio.com.br\/old\/?p=1468"},"modified":"2020-05-07T15:27:56","modified_gmt":"2020-05-07T18:27:56","slug":"dia-mundial-da-propriedade-intelectual-2020-e-inovacao-por-um-futuro-verde","status":"publish","type":"post","link":"http:\/\/stagio.com.br\/old\/dia-mundial-da-propriedade-intelectual-2020-e-inovacao-por-um-futuro-verde\/","title":{"rendered":"Dia Mundial da Propriedade Intelectual 2020 e Inova\u00e7\u00e3o por um Futuro Verde"},"content":{"rendered":"<p>No dia 26 de Abril 2020 comemoramos o Dia Mundial da Propriedade Intelectual valorizando o tema <strong>\u201cInovar por um Futuro Verde\u201d<\/strong> e n\u00f3s da Stagio continuaremos incentivando cada vez mais o desenvolvimento de novas tecnologias com esse olhar.<\/p>\n<p>Destacamos que o INPI tem um programa voltado a Patentes Verdes, que visa acelerar o exame t\u00e9cnico de pedidos de patentes relacionados a tecnologias para o meio ambiente, de gera\u00e7\u00e3o de energia alternativa, gerenciamento de res\u00edduos, log\u00edstica reversa de embalagens, redu\u00e7\u00e3o do consumo de energia el\u00e9trica e de recursos h\u00eddricos, dentre outras tecnologias.<\/p>\n<p>N\u00f3s j\u00e1 ajudamos clientes que investem em inova\u00e7\u00e3o a alcan\u00e7ar <strong>o selo de patentes verdes<\/strong> e queremos dividir com voc\u00eas 2 cases.<\/p>\n<p>&nbsp;<\/p>\n<h2>Equipamento para Tratamento de Res\u00edduos de Servi\u00e7os de Sa\u00fade<\/h2>\n<p>Sandoval Barbosa Rodrigues da empresa <strong>CISABRASILE<\/strong>, de Joinville-SC, desenvolveu um Equipamento para Tratamento de Res\u00edduos de Servi\u00e7os de Sa\u00fade e obteve a concess\u00e3o da patente mediante programa de Patentes Verdes do INPI.<\/p>\n<p>O equipamento \u00e9 utilizado para gerenciamento de res\u00edduos potencialmente perigosos para a sa\u00fade e o meio ambiente.<\/p>\n<p><a href=\"http:\/\/stagio.com.br\/old\/wp-content\/uploads\/Sandoval-Rodrigues.jpg\"><img decoding=\"async\" loading=\"lazy\" class=\"aligncenter wp-image-1495\" src=\"http:\/\/stagio.com.br\/old\/wp-content\/uploads\/Sandoval-Rodrigues.jpg\" alt=\"\" width=\"704\" height=\"338\" srcset=\"http:\/\/stagio.com.br\/old\/wp-content\/uploads\/Sandoval-Rodrigues.jpg 1267w, http:\/\/stagio.com.br\/old\/wp-content\/uploads\/Sandoval-Rodrigues-600x288.jpg 600w, http:\/\/stagio.com.br\/old\/wp-content\/uploads\/Sandoval-Rodrigues-1200x576.jpg 1200w, http:\/\/stagio.com.br\/old\/wp-content\/uploads\/Sandoval-Rodrigues-768x369.jpg 768w\" sizes=\"(max-width: 704px) 100vw, 704px\" \/><\/a><\/p>\n<p>&nbsp;<\/p>\n<h2>Equipamento de enclausuramento e capta\u00e7\u00e3o de p\u00f3<\/h2>\n<p>Outro case \u00e9 de <strong>RICARDO DE SOUZA ECKEL<\/strong>, de Panambi RS, que desenvolveu um sistema de enclausuramento e capta\u00e7\u00e3o de p\u00f3, gerado durante a descarga de caminh\u00f5es em moegas de recep\u00e7\u00e3o de gran\u00e9is s\u00f3lido, objetivando eliminar a poeira em suspens\u00e3o.<\/p>\n<p><a href=\"http:\/\/stagio.com.br\/old\/wp-content\/uploads\/Ricardo-Souza.jpg\"><img decoding=\"async\" loading=\"lazy\" class=\"aligncenter wp-image-1494\" src=\"http:\/\/stagio.com.br\/old\/wp-content\/uploads\/Ricardo-Souza.jpg\" alt=\"\" width=\"705\" height=\"332\" srcset=\"http:\/\/stagio.com.br\/old\/wp-content\/uploads\/Ricardo-Souza.jpg 1272w, http:\/\/stagio.com.br\/old\/wp-content\/uploads\/Ricardo-Souza-600x283.jpg 600w, http:\/\/stagio.com.br\/old\/wp-content\/uploads\/Ricardo-Souza-1200x565.jpg 1200w, http:\/\/stagio.com.br\/old\/wp-content\/uploads\/Ricardo-Souza-768x362.jpg 768w\" sizes=\"(max-width: 705px) 100vw, 705px\" \/><\/a><\/p>\n<p>&nbsp;<\/p>\n<p>Ambas Inven\u00e7\u00f5es s\u00e3o reconhecidas por estarem no mercado gerando riquezas e contribuindo com o meio ambiente.<\/p>\n<p>Voc\u00ea, que tem ideias inovadoras e quer ajudar construir um futuro mais verde e sustent\u00e1vel tamb\u00e9m pode desenvolver tecnologias e contribuir significativamente com a vidas das pessoas e com o crescimento da nossa economia.<\/p>\n<p>E n\u00f3s da Stagio, podemos te ajudar a transformar suas ideias em riquezas!<\/p>\n","protected":false},"excerpt":{"rendered":"<p>No dia 26 de Abril 2020 comemoramos o Dia Mundial da Propriedade Intelectual valorizando o tema \u201cInovar por um Futuro Verde\u201d e n\u00f3s da Stagio continuaremos incentivando cada vez mais o desenvolvimento de novas tecnologias com esse olhar. Destacamos que o INPI tem um programa voltado a Patentes Verdes, que visa acelerar o exame t\u00e9cnico [&hellip;]<\/p>\n","protected":false},"author":3,"featured_media":1471,"comment_status":"open","ping_status":"open","sticky":false,"template":"","format":"standard","meta":{"_mi_skip_tracking":false,"_exactmetrics_sitenote_active":false,"_exactmetrics_sitenote_note":"","_exactmetrics_sitenote_category":0,"_uf_show_specific_survey":0,"_uf_disable_surveys":false},"categories":[1],"tags":[14,15,16],"yoast_head":"<!-- This site is optimized with the Yoast SEO plugin v21.2 - https:\/\/yoast.com\/wordpress\/plugins\/seo\/ -->\n<title>Dia Mundial da Propriedade Intelectual 2020 e Inova\u00e7\u00e3o por um Futuro Verde - Stagio PI - Marcas e Patentes<\/title>\n<meta name=\"robots\" content=\"index, follow, max-snippet:-1, max-image-preview:large, max-video-preview:-1\" \/>\n<link rel=\"canonical\" href=\"http:\/\/stagio.com.br\/old\/dia-mundial-da-propriedade-intelectual-2020-e-inovacao-por-um-futuro-verde\/\" \/>\n<meta property=\"og:locale\" content=\"pt_BR\" \/>\n<meta property=\"og:type\" content=\"article\" \/>\n<meta property=\"og:title\" content=\"Dia Mundial da Propriedade Intelectual 2020 e Inova\u00e7\u00e3o por um Futuro Verde - Stagio PI - Marcas e Patentes\" \/>\n<meta property=\"og:description\" content=\"No dia 26 de Abril 2020 comemoramos o Dia Mundial da Propriedade Intelectual valorizando o tema \u201cInovar por um Futuro Verde\u201d e n\u00f3s da Stagio continuaremos incentivando cada vez mais o desenvolvimento de novas tecnologias com esse olhar. Destacamos que o INPI tem um programa voltado a Patentes Verdes, que visa acelerar o exame t\u00e9cnico [&hellip;]\" \/>\n<meta property=\"og:url\" content=\"http:\/\/stagio.com.br\/old\/dia-mundial-da-propriedade-intelectual-2020-e-inovacao-por-um-futuro-verde\/\" \/>\n<meta property=\"og:site_name\" content=\"Stagio PI - Marcas e Patentes\" \/>\n<meta property=\"article:published_time\" content=\"2020-05-05T11:38:40+00:00\" \/>\n<meta property=\"article:modified_time\" content=\"2020-05-07T18:27:56+00:00\" \/>\n<meta property=\"og:image\" content=\"http:\/\/stagio.com.br\/old\/wp-content\/uploads\/dia-mundial-propriedade-intelectual-3.jpg\" \/>\n\t<meta property=\"og:image:width\" content=\"1024\" \/>\n\t<meta property=\"og:image:height\" content=\"768\" \/>\n\t<meta property=\"og:image:type\" content=\"image\/jpeg\" \/>\n<meta name=\"author\" content=\"Admin\" \/>\n<meta name=\"twitter:card\" content=\"summary_large_image\" \/>\n<meta name=\"twitter:label1\" content=\"Escrito por\" \/>\n\t<meta name=\"twitter:data1\" content=\"Admin\" \/>\n\t<meta name=\"twitter:label2\" content=\"Est. tempo de leitura\" \/>\n\t<meta name=\"twitter:data2\" content=\"2 minutos\" \/>\n<script type=\"application\/ld+json\" class=\"yoast-schema-graph\">{\"@context\":\"https:\/\/schema.org\",\"@graph\":[{\"@type\":\"Article\",\"@id\":\"http:\/\/stagio.com.br\/old\/dia-mundial-da-propriedade-intelectual-2020-e-inovacao-por-um-futuro-verde\/#article\",\"isPartOf\":{\"@id\":\"http:\/\/stagio.com.br\/old\/dia-mundial-da-propriedade-intelectual-2020-e-inovacao-por-um-futuro-verde\/\"},\"author\":{\"name\":\"Admin\",\"@id\":\"http:\/\/stagio.com.br\/old\/#\/schema\/person\/2e7e9b50fa34da7b44dcc9b1885b51e1\"},\"headline\":\"Dia Mundial da Propriedade Intelectual 2020 e Inova\u00e7\u00e3o por um Futuro Verde\",\"datePublished\":\"2020-05-05T11:38:40+00:00\",\"dateModified\":\"2020-05-07T18:27:56+00:00\",\"mainEntityOfPage\":{\"@id\":\"http:\/\/stagio.com.br\/old\/dia-mundial-da-propriedade-intelectual-2020-e-inovacao-por-um-futuro-verde\/\"},\"wordCount\":324,\"commentCount\":0,\"publisher\":{\"@id\":\"http:\/\/stagio.com.br\/old\/#organization\"},\"keywords\":[\"artigo\",\"patente\",\"propriedade intelectual\"],\"articleSection\":[\"Artigos\"],\"inLanguage\":\"pt-BR\",\"potentialAction\":[{\"@type\":\"CommentAction\",\"name\":\"Comment\",\"target\":[\"http:\/\/stagio.com.br\/old\/dia-mundial-da-propriedade-intelectual-2020-e-inovacao-por-um-futuro-verde\/#respond\"]}]},{\"@type\":\"WebPage\",\"@id\":\"http:\/\/stagio.com.br\/old\/dia-mundial-da-propriedade-intelectual-2020-e-inovacao-por-um-futuro-verde\/\",\"url\":\"http:\/\/stagio.com.br\/old\/dia-mundial-da-propriedade-intelectual-2020-e-inovacao-por-um-futuro-verde\/\",\"name\":\"Dia Mundial da Propriedade Intelectual 2020 e Inova\u00e7\u00e3o por um Futuro Verde - Stagio PI - Marcas e Patentes\",\"isPartOf\":{\"@id\":\"http:\/\/stagio.com.br\/old\/#website\"},\"datePublished\":\"2020-05-05T11:38:40+00:00\",\"dateModified\":\"2020-05-07T18:27:56+00:00\",\"breadcrumb\":{\"@id\":\"http:\/\/stagio.com.br\/old\/dia-mundial-da-propriedade-intelectual-2020-e-inovacao-por-um-futuro-verde\/#breadcrumb\"},\"inLanguage\":\"pt-BR\",\"potentialAction\":[{\"@type\":\"ReadAction\",\"target\":[\"http:\/\/stagio.com.br\/old\/dia-mundial-da-propriedade-intelectual-2020-e-inovacao-por-um-futuro-verde\/\"]}]},{\"@type\":\"BreadcrumbList\",\"@id\":\"http:\/\/stagio.com.br\/old\/dia-mundial-da-propriedade-intelectual-2020-e-inovacao-por-um-futuro-verde\/#breadcrumb\",\"itemListElement\":[{\"@type\":\"ListItem\",\"position\":1,\"name\":\"In\u00edcio\",\"item\":\"http:\/\/stagio.com.br\/old\/\"},{\"@type\":\"ListItem\",\"position\":2,\"name\":\"Dia Mundial da Propriedade Intelectual 2020 e Inova\u00e7\u00e3o por um Futuro Verde\"}]},{\"@type\":\"WebSite\",\"@id\":\"http:\/\/stagio.com.br\/old\/#website\",\"url\":\"http:\/\/stagio.com.br\/old\/\",\"name\":\"Stagio Propriedade Itelectual\",\"description\":\"Transformamos ideias em riquezas\",\"publisher\":{\"@id\":\"http:\/\/stagio.com.br\/old\/#organization\"},\"potentialAction\":[{\"@type\":\"SearchAction\",\"target\":{\"@type\":\"EntryPoint\",\"urlTemplate\":\"http:\/\/stagio.com.br\/old\/?s={search_term_string}\"},\"query-input\":\"required name=search_term_string\"}],\"inLanguage\":\"pt-BR\"},{\"@type\":\"Organization\",\"@id\":\"http:\/\/stagio.com.br\/old\/#organization\",\"name\":\"Stagio Propriedade Intelectual\",\"url\":\"http:\/\/stagio.com.br\/old\/\",\"logo\":{\"@type\":\"ImageObject\",\"inLanguage\":\"pt-BR\",\"@id\":\"http:\/\/stagio.com.br\/old\/#\/schema\/logo\/image\/\",\"url\":\"http:\/\/stagio.com.br\/old\/wp-content\/uploads\/cropped-logo-stagio-01.png\",\"contentUrl\":\"http:\/\/stagio.com.br\/old\/wp-content\/uploads\/cropped-logo-stagio-01.png\",\"width\":1250,\"height\":500,\"caption\":\"Stagio Propriedade Intelectual\"},\"image\":{\"@id\":\"http:\/\/stagio.com.br\/old\/#\/schema\/logo\/image\/\"},\"sameAs\":[\"https:\/\/www.linkedin.com\/company\/stagio-propriedade-intelectual\/\"]},{\"@type\":\"Person\",\"@id\":\"http:\/\/stagio.com.br\/old\/#\/schema\/person\/2e7e9b50fa34da7b44dcc9b1885b51e1\",\"name\":\"Admin\",\"image\":{\"@type\":\"ImageObject\",\"inLanguage\":\"pt-BR\",\"@id\":\"http:\/\/stagio.com.br\/old\/#\/schema\/person\/image\/\",\"url\":\"http:\/\/1.gravatar.com\/avatar\/4294ddb1c26ee5b2889200bc4e06c895?s=96&d=mm&r=g\",\"contentUrl\":\"http:\/\/1.gravatar.com\/avatar\/4294ddb1c26ee5b2889200bc4e06c895?s=96&d=mm&r=g\",\"caption\":\"Admin\"}}]}<\/script>\n<!-- \/ Yoast SEO plugin. -->","yoast_head_json":{"title":"Dia Mundial da Propriedade Intelectual 2020 e Inova\u00e7\u00e3o por um Futuro Verde - Stagio PI - Marcas e Patentes","robots":{"index":"index","follow":"follow","max-snippet":"max-snippet:-1","max-image-preview":"max-image-preview:large","max-video-preview":"max-video-preview:-1"},"canonical":"http:\/\/stagio.com.br\/old\/dia-mundial-da-propriedade-intelectual-2020-e-inovacao-por-um-futuro-verde\/","og_locale":"pt_BR","og_type":"article","og_title":"Dia Mundial da Propriedade Intelectual 2020 e Inova\u00e7\u00e3o por um Futuro Verde - Stagio PI - Marcas e Patentes","og_description":"No dia 26 de Abril 2020 comemoramos o Dia Mundial da Propriedade Intelectual valorizando o tema \u201cInovar por um Futuro Verde\u201d e n\u00f3s da Stagio continuaremos incentivando cada vez mais o desenvolvimento de novas tecnologias com esse olhar. Destacamos que o INPI tem um programa voltado a Patentes Verdes, que visa acelerar o exame t\u00e9cnico [&hellip;]","og_url":"http:\/\/stagio.com.br\/old\/dia-mundial-da-propriedade-intelectual-2020-e-inovacao-por-um-futuro-verde\/","og_site_name":"Stagio PI - Marcas e Patentes","article_published_time":"2020-05-05T11:38:40+00:00","article_modified_time":"2020-05-07T18:27:56+00:00","og_image":[{"width":1024,"height":768,"url":"http:\/\/stagio.com.br\/old\/wp-content\/uploads\/dia-mundial-propriedade-intelectual-3.jpg","type":"image\/jpeg"}],"author":"Admin","twitter_card":"summary_large_image","twitter_misc":{"Escrito por":"Admin","Est. tempo de leitura":"2 minutos"},"schema":{"@context":"https:\/\/schema.org","@graph":[{"@type":"Article","@id":"http:\/\/stagio.com.br\/old\/dia-mundial-da-propriedade-intelectual-2020-e-inovacao-por-um-futuro-verde\/#article","isPartOf":{"@id":"http:\/\/stagio.com.br\/old\/dia-mundial-da-propriedade-intelectual-2020-e-inovacao-por-um-futuro-verde\/"},"author":{"name":"Admin","@id":"http:\/\/stagio.com.br\/old\/#\/schema\/person\/2e7e9b50fa34da7b44dcc9b1885b51e1"},"headline":"Dia Mundial da Propriedade Intelectual 2020 e Inova\u00e7\u00e3o por um Futuro Verde","datePublished":"2020-05-05T11:38:40+00:00","dateModified":"2020-05-07T18:27:56+00:00","mainEntityOfPage":{"@id":"http:\/\/stagio.com.br\/old\/dia-mundial-da-propriedade-intelectual-2020-e-inovacao-por-um-futuro-verde\/"},"wordCount":324,"commentCount":0,"publisher":{"@id":"http:\/\/stagio.com.br\/old\/#organization"},"keywords":["artigo","patente","propriedade intelectual"],"articleSection":["Artigos"],"inLanguage":"pt-BR","potentialAction":[{"@type":"CommentAction","name":"Comment","target":["http:\/\/stagio.com.br\/old\/dia-mundial-da-propriedade-intelectual-2020-e-inovacao-por-um-futuro-verde\/#respond"]}]},{"@type":"WebPage","@id":"http:\/\/stagio.com.br\/old\/dia-mundial-da-propriedade-intelectual-2020-e-inovacao-por-um-futuro-verde\/","url":"http:\/\/stagio.com.br\/old\/dia-mundial-da-propriedade-intelectual-2020-e-inovacao-por-um-futuro-verde\/","name":"Dia Mundial da Propriedade Intelectual 2020 e Inova\u00e7\u00e3o por um Futuro Verde - Stagio PI - Marcas e Patentes","isPartOf":{"@id":"http:\/\/stagio.com.br\/old\/#website"},"datePublished":"2020-05-05T11:38:40+00:00","dateModified":"2020-05-07T18:27:56+00:00","breadcrumb":{"@id":"http:\/\/stagio.com.br\/old\/dia-mundial-da-propriedade-intelectual-2020-e-inovacao-por-um-futuro-verde\/#breadcrumb"},"inLanguage":"pt-BR","potentialAction":[{"@type":"ReadAction","target":["http:\/\/stagio.com.br\/old\/dia-mundial-da-propriedade-intelectual-2020-e-inovacao-por-um-futuro-verde\/"]}]},{"@type":"BreadcrumbList","@id":"http:\/\/stagio.com.br\/old\/dia-mundial-da-propriedade-intelectual-2020-e-inovacao-por-um-futuro-verde\/#breadcrumb","itemListElement":[{"@type":"ListItem","position":1,"name":"In\u00edcio","item":"http:\/\/stagio.com.br\/old\/"},{"@type":"ListItem","position":2,"name":"Dia Mundial da Propriedade Intelectual 2020 e Inova\u00e7\u00e3o por um Futuro Verde"}]},{"@type":"WebSite","@id":"http:\/\/stagio.com.br\/old\/#website","url":"http:\/\/stagio.com.br\/old\/","name":"Stagio Propriedade Itelectual","description":"Transformamos ideias em riquezas","publisher":{"@id":"http:\/\/stagio.com.br\/old\/#organization"},"potentialAction":[{"@type":"SearchAction","target":{"@type":"EntryPoint","urlTemplate":"http:\/\/stagio.com.br\/old\/?s={search_term_string}"},"query-input":"required name=search_term_string"}],"inLanguage":"pt-BR"},{"@type":"Organization","@id":"http:\/\/stagio.com.br\/old\/#organization","name":"Stagio Propriedade Intelectual","url":"http:\/\/stagio.com.br\/old\/","logo":{"@type":"ImageObject","inLanguage":"pt-BR","@id":"http:\/\/stagio.com.br\/old\/#\/schema\/logo\/image\/","url":"http:\/\/stagio.com.br\/old\/wp-content\/uploads\/cropped-logo-stagio-01.png","contentUrl":"http:\/\/stagio.com.br\/old\/wp-content\/uploads\/cropped-logo-stagio-01.png","width":1250,"height":500,"caption":"Stagio Propriedade Intelectual"},"image":{"@id":"http:\/\/stagio.com.br\/old\/#\/schema\/logo\/image\/"},"sameAs":["https:\/\/www.linkedin.com\/company\/stagio-propriedade-intelectual\/"]},{"@type":"Person","@id":"http:\/\/stagio.com.br\/old\/#\/schema\/person\/2e7e9b50fa34da7b44dcc9b1885b51e1","name":"Admin","image":{"@type":"ImageObject","inLanguage":"pt-BR","@id":"http:\/\/stagio.com.br\/old\/#\/schema\/person\/image\/","url":"http:\/\/1.gravatar.com\/avatar\/4294ddb1c26ee5b2889200bc4e06c895?s=96&d=mm&r=g","contentUrl":"http:\/\/1.gravatar.com\/avatar\/4294ddb1c26ee5b2889200bc4e06c895?s=96&d=mm&r=g","caption":"Admin"}}]}},"_links":{"self":[{"href":"http:\/\/stagio.com.br\/old\/wp-json\/wp\/v2\/posts\/1468"}],"collection":[{"href":"http:\/\/stagio.com.br\/old\/wp-json\/wp\/v2\/posts"}],"about":[{"href":"http:\/\/stagio.com.br\/old\/wp-json\/wp\/v2\/types\/post"}],"author":[{"embeddable":true,"href":"http:\/\/stagio.com.br\/old\/wp-json\/wp\/v2\/users\/3"}],"replies":[{"embeddable":true,"href":"http:\/\/stagio.com.br\/old\/wp-json\/wp\/v2\/comments?post=1468"}],"version-history":[{"count":7,"href":"http:\/\/stagio.com.br\/old\/wp-json\/wp\/v2\/posts\/1468\/revisions"}],"predecessor-version":[{"id":1498,"href":"http:\/\/stagio.com.br\/old\/wp-json\/wp\/v2\/posts\/1468\/revisions\/1498"}],"wp:featuredmedia":[{"embeddable":true,"href":"http:\/\/stagio.com.br\/old\/wp-json\/wp\/v2\/media\/1471"}],"wp:attachment":[{"href":"http:\/\/stagio.com.br\/old\/wp-json\/wp\/v2\/media?parent=1468"}],"wp:term":[{"taxonomy":"category","embeddable":true,"href":"http:\/\/stagio.com.br\/old\/wp-json\/wp\/v2\/categories?post=1468"},{"taxonomy":"post_tag","embeddable":true,"href":"http:\/\/stagio.com.br\/old\/wp-json\/wp\/v2\/tags?post=1468"}],"curies":[{"name":"wp","href":"https:\/\/api.w.org\/{rel}","templated":true}]}}